{"id":74664,"date":"2023-06-27T11:03:08","date_gmt":"2023-06-27T08:03:08","guid":{"rendered":"https:\/\/www.apollon.com.cy\/?p=74664"},"modified":"2023-06-27T11:03:08","modified_gmt":"2023-06-27T08:03:08","slug":"agreement-in-principle-with-jorgen-skjelvik","status":"publish","type":"post","link":"https:\/\/www.apollon.com.cy\/en\/agreement-in-principle-with-jorgen-skjelvik\/","title":{"rendered":"Agreement in principle with J\u00f8rgen Skjelvik"},"content":{"rendered":"<p>Apollon Football (Public) Ltd, announces the agreement in principle with the player J\u00f8rgen Skjelvik until May 2024 with the option of extension until the 2024-2025 season.<!--more--><\/p>\n<p>Jorgen was born in July 1991 and plays as a left centre back.<\/p>\n<p>The 31-year-old started his career in the 2009 season with Stabaek where he made 43 appearances.<\/p>\n<p>In 2011 he played on loan at Swedish club Helsingborg with whom he won the first trophies of his career after winning the double.<\/p>\n<p>In the 2012-2013 season he remained in Sweden but played for Kalmar, making 32 appearances.<\/p>\n<p>In the four years 2013-2017 he played for Rosenborg with whom he made 163 appearances in all competitions. With this team he won three championships and two cups.<\/p>\n<p>In the 2018-2019 and 2019-2020 seasons he was transferred to MLS for La Galaxy with whom he played in 53 matches.<\/p>\n<p>His last football station was the Danish club OB with whom he made 28 appearances in all competitions in the season just ended.<\/p>\n<p>The player is an international with the Norwegian National team with eight caps for the Norwegian Men&#8217;s national team.<\/p>\n<p>Jorgen is expected in Cyprus in the coming days to undergo medical examinations and to confirm the deal.<\/p>\n<p><strong>Press Office<\/strong><br \/>\n<strong>Apollon Limassol<\/strong><\/p>\n","protected":false},"excerpt":{"rendered":"<p>Apollon Football (Public) Ltd, announces the agreement in principle with the player J\u00f8rgen Skjelvik until May 2024 with the option of extension until the 2024-2025 season.<\/p>\n","protected":false},"author":8,"featured_media":74661,"comment_status":"closed","ping_status":"closed","sticky":false,"template":"","format":"standard","meta":[],"categories":[167],"tags":[1201],"acf":[],"yoast_head":"<!-- This site is optimized with the Yoast SEO plugin v20.10 - https:\/\/yoast.com\/wordpress\/plugins\/seo\/ -->\n<title>Agreement in principle with J\u00f8rgen Skjelvik - Apollon FC<\/title>\n<meta name=\"description\" content=\"Apollon FC - Announcements - Agreement in principle with J\u00f8rgen Skjelvik - Apollon Football (Public) Ltd, announces the agreement in principle with the player J\u00f8rgen Skjelvik until May 2024 with the option of extension until the\" \/>\n<meta name=\"robots\" content=\"index, follow, max-snippet:-1, max-image-preview:large, max-video-preview:-1\" \/>\n<link rel=\"canonical\" href=\"https:\/\/www.apollon.com.cy\/en\/agreement-in-principle-with-jorgen-skjelvik\/\" \/>\n<meta property=\"og:locale\" content=\"en_US\" \/>\n<meta property=\"og:type\" content=\"article\" \/>\n<meta property=\"og:title\" content=\"Agreement in principle with J\u00f8rgen Skjelvik - Apollon FC\" \/>\n<meta property=\"og:description\" content=\"Apollon FC - Announcements - Agreement in principle with J\u00f8rgen Skjelvik - Apollon Football (Public) Ltd, announces the agreement in principle with the player J\u00f8rgen Skjelvik until May 2024 with the option of extension until the\" \/>\n<meta property=\"og:url\" content=\"https:\/\/www.apollon.com.cy\/en\/agreement-in-principle-with-jorgen-skjelvik\/\" \/>\n<meta property=\"og:site_name\" content=\"Apollon FC\" \/>\n<meta property=\"article:publisher\" content=\"https:\/\/www.facebook.com\/OfficialApollonFC\/\" \/>\n<meta property=\"article:published_time\" content=\"2023-06-27T08:03:08+00:00\" \/>\n<meta property=\"og:image\" content=\"https:\/\/www.apollon.com.cy\/wp-content\/uploads\/2023\/06\/Jorgen-Skjelvik.jpg\" \/>\n\t<meta property=\"og:image:width\" content=\"1280\" \/>\n\t<meta property=\"og:image:height\" content=\"629\" \/>\n\t<meta property=\"og:image:type\" content=\"image\/jpeg\" \/>\n<meta name=\"author\" content=\"Panos Kosta\" \/>\n<meta name=\"twitter:card\" content=\"summary_large_image\" \/>\n<meta name=\"twitter:creator\" content=\"@APOLLONOFFICIAL\" \/>\n<meta name=\"twitter:site\" content=\"@APOLLONOFFICIAL\" \/>\n<meta name=\"twitter:label1\" content=\"Written by\" \/>\n\t<meta name=\"twitter:data1\" content=\"Panos Kosta\" \/>\n\t<meta name=\"twitter:label2\" content=\"Est. reading time\" \/>\n\t<meta name=\"twitter:data2\" content=\"2 minutes\" \/>\n<script type=\"application\/ld+json\" class=\"yoast-schema-graph\">{\"@context\":\"https:\/\/schema.org\",\"@graph\":[{\"@type\":\"Article\",\"@id\":\"https:\/\/www.apollon.com.cy\/en\/agreement-in-principle-with-jorgen-skjelvik\/#article\",\"isPartOf\":{\"@id\":\"https:\/\/www.apollon.com.cy\/en\/agreement-in-principle-with-jorgen-skjelvik\/\"},\"author\":{\"name\":\"Panos Kosta\",\"@id\":\"https:\/\/www.apollon.com.cy\/en\/#\/schema\/person\/ff01e2dc8a20ad9746c402a7f62effff\"},\"headline\":\"Agreement in principle with J\u00f8rgen Skjelvik\",\"datePublished\":\"2023-06-27T08:03:08+00:00\",\"dateModified\":\"2023-06-27T08:03:08+00:00\",\"mainEntityOfPage\":{\"@id\":\"https:\/\/www.apollon.com.cy\/en\/agreement-in-principle-with-jorgen-skjelvik\/\"},\"wordCount\":206,\"publisher\":{\"@id\":\"https:\/\/www.apollon.com.cy\/en\/#organization\"},\"keywords\":[\"Featured\"],\"articleSection\":[\"Announcements\"],\"inLanguage\":\"en-US\"},{\"@type\":\"WebPage\",\"@id\":\"https:\/\/www.apollon.com.cy\/en\/agreement-in-principle-with-jorgen-skjelvik\/\",\"url\":\"https:\/\/www.apollon.com.cy\/en\/agreement-in-principle-with-jorgen-skjelvik\/\",\"name\":\"Agreement in principle with J\u00f8rgen Skjelvik - Apollon FC\",\"isPartOf\":{\"@id\":\"https:\/\/www.apollon.com.cy\/en\/#website\"},\"datePublished\":\"2023-06-27T08:03:08+00:00\",\"dateModified\":\"2023-06-27T08:03:08+00:00\",\"description\":\"Apollon FC - Announcements - Agreement in principle with J\u00f8rgen Skjelvik - Apollon Football (Public) Ltd, announces the agreement in principle with the player J\u00f8rgen Skjelvik until May 2024 with the option of extension until the\",\"breadcrumb\":{\"@id\":\"https:\/\/www.apollon.com.cy\/en\/agreement-in-principle-with-jorgen-skjelvik\/#breadcrumb\"},\"inLanguage\":\"en-US\",\"potentialAction\":[{\"@type\":\"ReadAction\",\"target\":[\"https:\/\/www.apollon.com.cy\/en\/agreement-in-principle-with-jorgen-skjelvik\/\"]}]},{\"@type\":\"BreadcrumbList\",\"@id\":\"https:\/\/www.apollon.com.cy\/en\/agreement-in-principle-with-jorgen-skjelvik\/#breadcrumb\",\"itemListElement\":[{\"@type\":\"ListItem\",\"position\":1,\"name\":\"Home\",\"item\":\"https:\/\/www.apollon.com.cy\/en\/\"},{\"@type\":\"ListItem\",\"position\":2,\"name\":\"Agreement in principle with J\u00f8rgen Skjelvik\"}]},{\"@type\":\"WebSite\",\"@id\":\"https:\/\/www.apollon.com.cy\/en\/#website\",\"url\":\"https:\/\/www.apollon.com.cy\/en\/\",\"name\":\"Apollon FC\",\"description\":\"Official Website\",\"publisher\":{\"@id\":\"https:\/\/www.apollon.com.cy\/en\/#organization\"},\"potentialAction\":[{\"@type\":\"SearchAction\",\"target\":{\"@type\":\"EntryPoint\",\"urlTemplate\":\"https:\/\/www.apollon.com.cy\/en\/?s={search_term_string}\"},\"query-input\":\"required name=search_term_string\"}],\"inLanguage\":\"en-US\"},{\"@type\":\"Organization\",\"@id\":\"https:\/\/www.apollon.com.cy\/en\/#organization\",\"name\":\"Apollon FC\",\"url\":\"https:\/\/www.apollon.com.cy\/en\/\",\"logo\":{\"@type\":\"ImageObject\",\"inLanguage\":\"en-US\",\"@id\":\"https:\/\/www.apollon.com.cy\/en\/#\/schema\/logo\/image\/\",\"url\":\"https:\/\/www.apollon.com.cy\/wp-content\/uploads\/2018\/09\/Apollon-1-512.png\",\"contentUrl\":\"https:\/\/www.apollon.com.cy\/wp-content\/uploads\/2018\/09\/Apollon-1-512.png\",\"width\":512,\"height\":512,\"caption\":\"Apollon FC\"},\"image\":{\"@id\":\"https:\/\/www.apollon.com.cy\/en\/#\/schema\/logo\/image\/\"},\"sameAs\":[\"https:\/\/www.facebook.com\/OfficialApollonFC\/\",\"https:\/\/twitter.com\/APOLLONOFFICIAL\",\"https:\/\/www.instagram.com\/apollonfc\/?hl=en\",\"https:\/\/cy.linkedin.com\/company\/apollon-fc\",\"https:\/\/www.youtube.com\/user\/ApollonWebTv\"]},{\"@type\":\"Person\",\"@id\":\"https:\/\/www.apollon.com.cy\/en\/#\/schema\/person\/ff01e2dc8a20ad9746c402a7f62effff\",\"name\":\"Panos Kosta\",\"image\":{\"@type\":\"ImageObject\",\"inLanguage\":\"en-US\",\"@id\":\"https:\/\/www.apollon.com.cy\/en\/#\/schema\/person\/image\/\",\"url\":\"https:\/\/secure.gravatar.com\/avatar\/bdc4856d0dc7b09876624fdc94a61627?s=96&d=mm&r=g\",\"contentUrl\":\"https:\/\/secure.gravatar.com\/avatar\/bdc4856d0dc7b09876624fdc94a61627?s=96&d=mm&r=g\",\"caption\":\"Panos Kosta\"},\"sameAs\":[\"https:\/\/www.apollon.com.cy\"]}]}<\/script>\n<!-- \/ Yoast SEO plugin. -->","yoast_head_json":{"title":"Agreement in principle with J\u00f8rgen Skjelvik - Apollon FC","description":"Apollon FC - Announcements - Agreement in principle with J\u00f8rgen Skjelvik - Apollon Football (Public) Ltd, announces the agreement in principle with the player J\u00f8rgen Skjelvik until May 2024 with the option of extension until the","robots":{"index":"index","follow":"follow","max-snippet":"max-snippet:-1","max-image-preview":"max-image-preview:large","max-video-preview":"max-video-preview:-1"},"canonical":"https:\/\/www.apollon.com.cy\/en\/agreement-in-principle-with-jorgen-skjelvik\/","og_locale":"en_US","og_type":"article","og_title":"Agreement in principle with J\u00f8rgen Skjelvik - Apollon FC","og_description":"Apollon FC - Announcements - Agreement in principle with J\u00f8rgen Skjelvik - Apollon Football (Public) Ltd, announces the agreement in principle with the player J\u00f8rgen Skjelvik until May 2024 with the option of extension until the","og_url":"https:\/\/www.apollon.com.cy\/en\/agreement-in-principle-with-jorgen-skjelvik\/","og_site_name":"Apollon FC","article_publisher":"https:\/\/www.facebook.com\/OfficialApollonFC\/","article_published_time":"2023-06-27T08:03:08+00:00","og_image":[{"width":1280,"height":629,"url":"https:\/\/www.apollon.com.cy\/wp-content\/uploads\/2023\/06\/Jorgen-Skjelvik.jpg","type":"image\/jpeg"}],"author":"Panos Kosta","twitter_card":"summary_large_image","twitter_creator":"@APOLLONOFFICIAL","twitter_site":"@APOLLONOFFICIAL","twitter_misc":{"Written by":"Panos Kosta","Est. reading time":"2 minutes"},"schema":{"@context":"https:\/\/schema.org","@graph":[{"@type":"Article","@id":"https:\/\/www.apollon.com.cy\/en\/agreement-in-principle-with-jorgen-skjelvik\/#article","isPartOf":{"@id":"https:\/\/www.apollon.com.cy\/en\/agreement-in-principle-with-jorgen-skjelvik\/"},"author":{"name":"Panos Kosta","@id":"https:\/\/www.apollon.com.cy\/en\/#\/schema\/person\/ff01e2dc8a20ad9746c402a7f62effff"},"headline":"Agreement in principle with J\u00f8rgen Skjelvik","datePublished":"2023-06-27T08:03:08+00:00","dateModified":"2023-06-27T08:03:08+00:00","mainEntityOfPage":{"@id":"https:\/\/www.apollon.com.cy\/en\/agreement-in-principle-with-jorgen-skjelvik\/"},"wordCount":206,"publisher":{"@id":"https:\/\/www.apollon.com.cy\/en\/#organization"},"keywords":["Featured"],"articleSection":["Announcements"],"inLanguage":"en-US"},{"@type":"WebPage","@id":"https:\/\/www.apollon.com.cy\/en\/agreement-in-principle-with-jorgen-skjelvik\/","url":"https:\/\/www.apollon.com.cy\/en\/agreement-in-principle-with-jorgen-skjelvik\/","name":"Agreement in principle with J\u00f8rgen Skjelvik - Apollon FC","isPartOf":{"@id":"https:\/\/www.apollon.com.cy\/en\/#website"},"datePublished":"2023-06-27T08:03:08+00:00","dateModified":"2023-06-27T08:03:08+00:00","description":"Apollon FC - Announcements - Agreement in principle with J\u00f8rgen Skjelvik - Apollon Football (Public) Ltd, announces the agreement in principle with the player J\u00f8rgen Skjelvik until May 2024 with the option of extension until the","breadcrumb":{"@id":"https:\/\/www.apollon.com.cy\/en\/agreement-in-principle-with-jorgen-skjelvik\/#breadcrumb"},"inLanguage":"en-US","potentialAction":[{"@type":"ReadAction","target":["https:\/\/www.apollon.com.cy\/en\/agreement-in-principle-with-jorgen-skjelvik\/"]}]},{"@type":"BreadcrumbList","@id":"https:\/\/www.apollon.com.cy\/en\/agreement-in-principle-with-jorgen-skjelvik\/#breadcrumb","itemListElement":[{"@type":"ListItem","position":1,"name":"Home","item":"https:\/\/www.apollon.com.cy\/en\/"},{"@type":"ListItem","position":2,"name":"Agreement in principle with J\u00f8rgen Skjelvik"}]},{"@type":"WebSite","@id":"https:\/\/www.apollon.com.cy\/en\/#website","url":"https:\/\/www.apollon.com.cy\/en\/","name":"Apollon FC","description":"Official Website","publisher":{"@id":"https:\/\/www.apollon.com.cy\/en\/#organization"},"potentialAction":[{"@type":"SearchAction","target":{"@type":"EntryPoint","urlTemplate":"https:\/\/www.apollon.com.cy\/en\/?s={search_term_string}"},"query-input":"required name=search_term_string"}],"inLanguage":"en-US"},{"@type":"Organization","@id":"https:\/\/www.apollon.com.cy\/en\/#organization","name":"Apollon FC","url":"https:\/\/www.apollon.com.cy\/en\/","logo":{"@type":"ImageObject","inLanguage":"en-US","@id":"https:\/\/www.apollon.com.cy\/en\/#\/schema\/logo\/image\/","url":"https:\/\/www.apollon.com.cy\/wp-content\/uploads\/2018\/09\/Apollon-1-512.png","contentUrl":"https:\/\/www.apollon.com.cy\/wp-content\/uploads\/2018\/09\/Apollon-1-512.png","width":512,"height":512,"caption":"Apollon FC"},"image":{"@id":"https:\/\/www.apollon.com.cy\/en\/#\/schema\/logo\/image\/"},"sameAs":["https:\/\/www.facebook.com\/OfficialApollonFC\/","https:\/\/twitter.com\/APOLLONOFFICIAL","https:\/\/www.instagram.com\/apollonfc\/?hl=en","https:\/\/cy.linkedin.com\/company\/apollon-fc","https:\/\/www.youtube.com\/user\/ApollonWebTv"]},{"@type":"Person","@id":"https:\/\/www.apollon.com.cy\/en\/#\/schema\/person\/ff01e2dc8a20ad9746c402a7f62effff","name":"Panos Kosta","image":{"@type":"ImageObject","inLanguage":"en-US","@id":"https:\/\/www.apollon.com.cy\/en\/#\/schema\/person\/image\/","url":"https:\/\/secure.gravatar.com\/avatar\/bdc4856d0dc7b09876624fdc94a61627?s=96&d=mm&r=g","contentUrl":"https:\/\/secure.gravatar.com\/avatar\/bdc4856d0dc7b09876624fdc94a61627?s=96&d=mm&r=g","caption":"Panos Kosta"},"sameAs":["https:\/\/www.apollon.com.cy"]}]}},"_links":{"self":[{"href":"https:\/\/www.apollon.com.cy\/en\/wp-json\/wp\/v2\/posts\/74664"}],"collection":[{"href":"https:\/\/www.apollon.com.cy\/en\/wp-json\/wp\/v2\/posts"}],"about":[{"href":"https:\/\/www.apollon.com.cy\/en\/wp-json\/wp\/v2\/types\/post"}],"author":[{"embeddable":true,"href":"https:\/\/www.apollon.com.cy\/en\/wp-json\/wp\/v2\/users\/8"}],"replies":[{"embeddable":true,"href":"https:\/\/www.apollon.com.cy\/en\/wp-json\/wp\/v2\/comments?post=74664"}],"version-history":[{"count":0,"href":"https:\/\/www.apollon.com.cy\/en\/wp-json\/wp\/v2\/posts\/74664\/revisions"}],"wp:featuredmedia":[{"embeddable":true,"href":"https:\/\/www.apollon.com.cy\/en\/wp-json\/wp\/v2\/media\/74661"}],"wp:attachment":[{"href":"https:\/\/www.apollon.com.cy\/en\/wp-json\/wp\/v2\/media?parent=74664"}],"wp:term":[{"taxonomy":"category","embeddable":true,"href":"https:\/\/www.apollon.com.cy\/en\/wp-json\/wp\/v2\/categories?post=74664"},{"taxonomy":"post_tag","embeddable":true,"href":"https:\/\/www.apollon.com.cy\/en\/wp-json\/wp\/v2\/tags?post=74664"}],"curies":[{"name":"wp","href":"https:\/\/api.w.org\/{rel}","templated":true}]}}