{"id":87227,"date":"2024-07-02T15:31:22","date_gmt":"2024-07-02T12:31:22","guid":{"rendered":"https:\/\/www.apollon.com.cy\/?p=87227"},"modified":"2024-07-02T15:31:22","modified_gmt":"2024-07-02T12:31:22","slug":"julien-celestine-joins-apollon-fc","status":"publish","type":"post","link":"https:\/\/www.apollon.com.cy\/en\/julien-celestine-joins-apollon-fc\/","title":{"rendered":"Julien C\u00e9lestine joins Apollon FC"},"content":{"rendered":"<p>Apollon Football Public Ltd announces the signing of footballer Julien C\u00e9lestine until May 2026.<!--more--><\/p>\n<p>The French defender, born in July 1997, has played for Belgian clubs RWDM and URSL Vis\u00e9, Latvian club Valmiera FC, French club Rodez, Mexican club Le\u00f3n, Hungarian club Di\u00f3sgy\u0151ri, and most recently for French club Concarneau, where he made 30 appearances.<\/p>\n<p>The first interview of the player will follow on our club\u2019s official website.<\/p>\n<p>We welcome the player to our club and wish him every success wearing the blue and white.<\/p>\n<p><strong>Press Office<\/strong><br \/>\n<strong>Apollon Limassol<\/strong><\/p>\n","protected":false},"excerpt":{"rendered":"<p>Apollon Football Public Ltd announces the signing of footballer Julien C\u00e9lestine until May 2026.<\/p>\n","protected":false},"author":8,"featured_media":87281,"comment_status":"closed","ping_status":"closed","sticky":false,"template":"","format":"standard","meta":[],"categories":[167],"tags":[1201,2070],"acf":[],"yoast_head":"<!-- This site is optimized with the Yoast SEO plugin v20.10 - https:\/\/yoast.com\/wordpress\/plugins\/seo\/ -->\n<title>Julien C\u00e9lestine joins Apollon FC - Apollon FC<\/title>\n<meta name=\"description\" content=\"Apollon FC - Announcements - Julien C\u00e9lestine joins Apollon FC - Apollon Football Public Ltd announces the signing of footballer Julien C\u00e9lestine until May 2026. The French defender, born in July 1997, has played for\" \/>\n<meta name=\"robots\" content=\"index, follow, max-snippet:-1, max-image-preview:large, max-video-preview:-1\" \/>\n<link rel=\"canonical\" href=\"https:\/\/www.apollon.com.cy\/en\/julien-celestine-joins-apollon-fc\/\" \/>\n<meta property=\"og:locale\" content=\"en_US\" \/>\n<meta property=\"og:type\" content=\"article\" \/>\n<meta property=\"og:title\" content=\"Julien C\u00e9lestine joins Apollon FC - Apollon FC\" \/>\n<meta property=\"og:description\" content=\"Apollon FC - Announcements - Julien C\u00e9lestine joins Apollon FC - Apollon Football Public Ltd announces the signing of footballer Julien C\u00e9lestine until May 2026. The French defender, born in July 1997, has played for\" \/>\n<meta property=\"og:url\" content=\"https:\/\/www.apollon.com.cy\/en\/julien-celestine-joins-apollon-fc\/\" \/>\n<meta property=\"og:site_name\" content=\"Apollon FC\" \/>\n<meta property=\"article:publisher\" content=\"https:\/\/www.facebook.com\/OfficialApollonFC\/\" \/>\n<meta property=\"article:published_time\" content=\"2024-07-02T12:31:22+00:00\" \/>\n<meta property=\"og:image\" content=\"https:\/\/www.apollon.com.cy\/wp-content\/uploads\/2024\/07\/CELESTINE-WEB.jpg\" \/>\n\t<meta property=\"og:image:width\" content=\"1280\" \/>\n\t<meta property=\"og:image:height\" content=\"629\" \/>\n\t<meta property=\"og:image:type\" content=\"image\/jpeg\" \/>\n<meta name=\"author\" content=\"Panos Kosta\" \/>\n<meta name=\"twitter:card\" content=\"summary_large_image\" \/>\n<meta name=\"twitter:creator\" content=\"@APOLLONOFFICIAL\" \/>\n<meta name=\"twitter:site\" content=\"@APOLLONOFFICIAL\" \/>\n<meta name=\"twitter:label1\" content=\"Written by\" \/>\n\t<meta name=\"twitter:data1\" content=\"Panos Kosta\" \/>\n\t<meta name=\"twitter:label2\" content=\"Est. reading time\" \/>\n\t<meta name=\"twitter:data2\" content=\"1 minute\" \/>\n<script type=\"application\/ld+json\" class=\"yoast-schema-graph\">{\"@context\":\"https:\/\/schema.org\",\"@graph\":[{\"@type\":\"Article\",\"@id\":\"https:\/\/www.apollon.com.cy\/en\/julien-celestine-joins-apollon-fc\/#article\",\"isPartOf\":{\"@id\":\"https:\/\/www.apollon.com.cy\/en\/julien-celestine-joins-apollon-fc\/\"},\"author\":{\"name\":\"Panos Kosta\",\"@id\":\"https:\/\/www.apollon.com.cy\/en\/#\/schema\/person\/ff01e2dc8a20ad9746c402a7f62effff\"},\"headline\":\"Julien C\u00e9lestine joins Apollon FC\",\"datePublished\":\"2024-07-02T12:31:22+00:00\",\"dateModified\":\"2024-07-02T12:31:22+00:00\",\"mainEntityOfPage\":{\"@id\":\"https:\/\/www.apollon.com.cy\/en\/julien-celestine-joins-apollon-fc\/\"},\"wordCount\":97,\"publisher\":{\"@id\":\"https:\/\/www.apollon.com.cy\/en\/#organization\"},\"keywords\":[\"Featured\",\"julien celestine\"],\"articleSection\":[\"Announcements\"],\"inLanguage\":\"en-US\"},{\"@type\":\"WebPage\",\"@id\":\"https:\/\/www.apollon.com.cy\/en\/julien-celestine-joins-apollon-fc\/\",\"url\":\"https:\/\/www.apollon.com.cy\/en\/julien-celestine-joins-apollon-fc\/\",\"name\":\"Julien C\u00e9lestine joins Apollon FC - Apollon FC\",\"isPartOf\":{\"@id\":\"https:\/\/www.apollon.com.cy\/en\/#website\"},\"datePublished\":\"2024-07-02T12:31:22+00:00\",\"dateModified\":\"2024-07-02T12:31:22+00:00\",\"description\":\"Apollon FC - Announcements - Julien C\u00e9lestine joins Apollon FC - Apollon Football Public Ltd announces the signing of footballer Julien C\u00e9lestine until May 2026. The French defender, born in July 1997, has played for\",\"breadcrumb\":{\"@id\":\"https:\/\/www.apollon.com.cy\/en\/julien-celestine-joins-apollon-fc\/#breadcrumb\"},\"inLanguage\":\"en-US\",\"potentialAction\":[{\"@type\":\"ReadAction\",\"target\":[\"https:\/\/www.apollon.com.cy\/en\/julien-celestine-joins-apollon-fc\/\"]}]},{\"@type\":\"BreadcrumbList\",\"@id\":\"https:\/\/www.apollon.com.cy\/en\/julien-celestine-joins-apollon-fc\/#breadcrumb\",\"itemListElement\":[{\"@type\":\"ListItem\",\"position\":1,\"name\":\"Home\",\"item\":\"https:\/\/www.apollon.com.cy\/en\/\"},{\"@type\":\"ListItem\",\"position\":2,\"name\":\"Julien C\u00e9lestine joins Apollon FC\"}]},{\"@type\":\"WebSite\",\"@id\":\"https:\/\/www.apollon.com.cy\/en\/#website\",\"url\":\"https:\/\/www.apollon.com.cy\/en\/\",\"name\":\"Apollon FC\",\"description\":\"Official Website\",\"publisher\":{\"@id\":\"https:\/\/www.apollon.com.cy\/en\/#organization\"},\"potentialAction\":[{\"@type\":\"SearchAction\",\"target\":{\"@type\":\"EntryPoint\",\"urlTemplate\":\"https:\/\/www.apollon.com.cy\/en\/?s={search_term_string}\"},\"query-input\":\"required name=search_term_string\"}],\"inLanguage\":\"en-US\"},{\"@type\":\"Organization\",\"@id\":\"https:\/\/www.apollon.com.cy\/en\/#organization\",\"name\":\"Apollon FC\",\"url\":\"https:\/\/www.apollon.com.cy\/en\/\",\"logo\":{\"@type\":\"ImageObject\",\"inLanguage\":\"en-US\",\"@id\":\"https:\/\/www.apollon.com.cy\/en\/#\/schema\/logo\/image\/\",\"url\":\"https:\/\/www.apollon.com.cy\/wp-content\/uploads\/2018\/09\/Apollon-1-512.png\",\"contentUrl\":\"https:\/\/www.apollon.com.cy\/wp-content\/uploads\/2018\/09\/Apollon-1-512.png\",\"width\":512,\"height\":512,\"caption\":\"Apollon FC\"},\"image\":{\"@id\":\"https:\/\/www.apollon.com.cy\/en\/#\/schema\/logo\/image\/\"},\"sameAs\":[\"https:\/\/www.facebook.com\/OfficialApollonFC\/\",\"https:\/\/twitter.com\/APOLLONOFFICIAL\",\"https:\/\/www.instagram.com\/apollonfc\/?hl=en\",\"https:\/\/cy.linkedin.com\/company\/apollon-fc\",\"https:\/\/www.youtube.com\/user\/ApollonWebTv\"]},{\"@type\":\"Person\",\"@id\":\"https:\/\/www.apollon.com.cy\/en\/#\/schema\/person\/ff01e2dc8a20ad9746c402a7f62effff\",\"name\":\"Panos Kosta\",\"image\":{\"@type\":\"ImageObject\",\"inLanguage\":\"en-US\",\"@id\":\"https:\/\/www.apollon.com.cy\/en\/#\/schema\/person\/image\/\",\"url\":\"https:\/\/secure.gravatar.com\/avatar\/bdc4856d0dc7b09876624fdc94a61627?s=96&d=mm&r=g\",\"contentUrl\":\"https:\/\/secure.gravatar.com\/avatar\/bdc4856d0dc7b09876624fdc94a61627?s=96&d=mm&r=g\",\"caption\":\"Panos Kosta\"},\"sameAs\":[\"https:\/\/www.apollon.com.cy\"]}]}<\/script>\n<!-- \/ Yoast SEO plugin. -->","yoast_head_json":{"title":"Julien C\u00e9lestine joins Apollon FC - Apollon FC","description":"Apollon FC - Announcements - Julien C\u00e9lestine joins Apollon FC - Apollon Football Public Ltd announces the signing of footballer Julien C\u00e9lestine until May 2026. The French defender, born in July 1997, has played for","robots":{"index":"index","follow":"follow","max-snippet":"max-snippet:-1","max-image-preview":"max-image-preview:large","max-video-preview":"max-video-preview:-1"},"canonical":"https:\/\/www.apollon.com.cy\/en\/julien-celestine-joins-apollon-fc\/","og_locale":"en_US","og_type":"article","og_title":"Julien C\u00e9lestine joins Apollon FC - Apollon FC","og_description":"Apollon FC - Announcements - Julien C\u00e9lestine joins Apollon FC - Apollon Football Public Ltd announces the signing of footballer Julien C\u00e9lestine until May 2026. The French defender, born in July 1997, has played for","og_url":"https:\/\/www.apollon.com.cy\/en\/julien-celestine-joins-apollon-fc\/","og_site_name":"Apollon FC","article_publisher":"https:\/\/www.facebook.com\/OfficialApollonFC\/","article_published_time":"2024-07-02T12:31:22+00:00","og_image":[{"width":1280,"height":629,"url":"https:\/\/www.apollon.com.cy\/wp-content\/uploads\/2024\/07\/CELESTINE-WEB.jpg","type":"image\/jpeg"}],"author":"Panos Kosta","twitter_card":"summary_large_image","twitter_creator":"@APOLLONOFFICIAL","twitter_site":"@APOLLONOFFICIAL","twitter_misc":{"Written by":"Panos Kosta","Est. reading time":"1 minute"},"schema":{"@context":"https:\/\/schema.org","@graph":[{"@type":"Article","@id":"https:\/\/www.apollon.com.cy\/en\/julien-celestine-joins-apollon-fc\/#article","isPartOf":{"@id":"https:\/\/www.apollon.com.cy\/en\/julien-celestine-joins-apollon-fc\/"},"author":{"name":"Panos Kosta","@id":"https:\/\/www.apollon.com.cy\/en\/#\/schema\/person\/ff01e2dc8a20ad9746c402a7f62effff"},"headline":"Julien C\u00e9lestine joins Apollon FC","datePublished":"2024-07-02T12:31:22+00:00","dateModified":"2024-07-02T12:31:22+00:00","mainEntityOfPage":{"@id":"https:\/\/www.apollon.com.cy\/en\/julien-celestine-joins-apollon-fc\/"},"wordCount":97,"publisher":{"@id":"https:\/\/www.apollon.com.cy\/en\/#organization"},"keywords":["Featured","julien celestine"],"articleSection":["Announcements"],"inLanguage":"en-US"},{"@type":"WebPage","@id":"https:\/\/www.apollon.com.cy\/en\/julien-celestine-joins-apollon-fc\/","url":"https:\/\/www.apollon.com.cy\/en\/julien-celestine-joins-apollon-fc\/","name":"Julien C\u00e9lestine joins Apollon FC - Apollon FC","isPartOf":{"@id":"https:\/\/www.apollon.com.cy\/en\/#website"},"datePublished":"2024-07-02T12:31:22+00:00","dateModified":"2024-07-02T12:31:22+00:00","description":"Apollon FC - Announcements - Julien C\u00e9lestine joins Apollon FC - Apollon Football Public Ltd announces the signing of footballer Julien C\u00e9lestine until May 2026. The French defender, born in July 1997, has played for","breadcrumb":{"@id":"https:\/\/www.apollon.com.cy\/en\/julien-celestine-joins-apollon-fc\/#breadcrumb"},"inLanguage":"en-US","potentialAction":[{"@type":"ReadAction","target":["https:\/\/www.apollon.com.cy\/en\/julien-celestine-joins-apollon-fc\/"]}]},{"@type":"BreadcrumbList","@id":"https:\/\/www.apollon.com.cy\/en\/julien-celestine-joins-apollon-fc\/#breadcrumb","itemListElement":[{"@type":"ListItem","position":1,"name":"Home","item":"https:\/\/www.apollon.com.cy\/en\/"},{"@type":"ListItem","position":2,"name":"Julien C\u00e9lestine joins Apollon FC"}]},{"@type":"WebSite","@id":"https:\/\/www.apollon.com.cy\/en\/#website","url":"https:\/\/www.apollon.com.cy\/en\/","name":"Apollon FC","description":"Official Website","publisher":{"@id":"https:\/\/www.apollon.com.cy\/en\/#organization"},"potentialAction":[{"@type":"SearchAction","target":{"@type":"EntryPoint","urlTemplate":"https:\/\/www.apollon.com.cy\/en\/?s={search_term_string}"},"query-input":"required name=search_term_string"}],"inLanguage":"en-US"},{"@type":"Organization","@id":"https:\/\/www.apollon.com.cy\/en\/#organization","name":"Apollon FC","url":"https:\/\/www.apollon.com.cy\/en\/","logo":{"@type":"ImageObject","inLanguage":"en-US","@id":"https:\/\/www.apollon.com.cy\/en\/#\/schema\/logo\/image\/","url":"https:\/\/www.apollon.com.cy\/wp-content\/uploads\/2018\/09\/Apollon-1-512.png","contentUrl":"https:\/\/www.apollon.com.cy\/wp-content\/uploads\/2018\/09\/Apollon-1-512.png","width":512,"height":512,"caption":"Apollon FC"},"image":{"@id":"https:\/\/www.apollon.com.cy\/en\/#\/schema\/logo\/image\/"},"sameAs":["https:\/\/www.facebook.com\/OfficialApollonFC\/","https:\/\/twitter.com\/APOLLONOFFICIAL","https:\/\/www.instagram.com\/apollonfc\/?hl=en","https:\/\/cy.linkedin.com\/company\/apollon-fc","https:\/\/www.youtube.com\/user\/ApollonWebTv"]},{"@type":"Person","@id":"https:\/\/www.apollon.com.cy\/en\/#\/schema\/person\/ff01e2dc8a20ad9746c402a7f62effff","name":"Panos Kosta","image":{"@type":"ImageObject","inLanguage":"en-US","@id":"https:\/\/www.apollon.com.cy\/en\/#\/schema\/person\/image\/","url":"https:\/\/secure.gravatar.com\/avatar\/bdc4856d0dc7b09876624fdc94a61627?s=96&d=mm&r=g","contentUrl":"https:\/\/secure.gravatar.com\/avatar\/bdc4856d0dc7b09876624fdc94a61627?s=96&d=mm&r=g","caption":"Panos Kosta"},"sameAs":["https:\/\/www.apollon.com.cy"]}]}},"_links":{"self":[{"href":"https:\/\/www.apollon.com.cy\/en\/wp-json\/wp\/v2\/posts\/87227"}],"collection":[{"href":"https:\/\/www.apollon.com.cy\/en\/wp-json\/wp\/v2\/posts"}],"about":[{"href":"https:\/\/www.apollon.com.cy\/en\/wp-json\/wp\/v2\/types\/post"}],"author":[{"embeddable":true,"href":"https:\/\/www.apollon.com.cy\/en\/wp-json\/wp\/v2\/users\/8"}],"replies":[{"embeddable":true,"href":"https:\/\/www.apollon.com.cy\/en\/wp-json\/wp\/v2\/comments?post=87227"}],"version-history":[{"count":0,"href":"https:\/\/www.apollon.com.cy\/en\/wp-json\/wp\/v2\/posts\/87227\/revisions"}],"wp:featuredmedia":[{"embeddable":true,"href":"https:\/\/www.apollon.com.cy\/en\/wp-json\/wp\/v2\/media\/87281"}],"wp:attachment":[{"href":"https:\/\/www.apollon.com.cy\/en\/wp-json\/wp\/v2\/media?parent=87227"}],"wp:term":[{"taxonomy":"category","embeddable":true,"href":"https:\/\/www.apollon.com.cy\/en\/wp-json\/wp\/v2\/categories?post=87227"},{"taxonomy":"post_tag","embeddable":true,"href":"https:\/\/www.apollon.com.cy\/en\/wp-json\/wp\/v2\/tags?post=87227"}],"curies":[{"name":"wp","href":"https:\/\/api.w.org\/{rel}","templated":true}]}}